{"id":1647,"date":"2026-03-12T16:22:53","date_gmt":"2026-03-12T15:22:53","guid":{"rendered":"https:\/\/zahradkari-zelec.cz\/?p=1647"},"modified":"2026-03-14T20:01:49","modified_gmt":"2026-03-14T19:01:49","slug":"prednaska-priprava-kvasu","status":"publish","type":"post","link":"https:\/\/zahradkari-zelec.cz\/index.php\/2026\/03\/12\/prednaska-priprava-kvasu\/","title":{"rendered":"P\u0159edn\u00e1\u0161ka &#8211; P\u0159\u00edprava kvasu"},"content":{"rendered":"\n<p>ZVEME V\u00c1S NA P\u0158EDN\u00c1\u0160KU <\/p>\n\n\n\n<p class=\"has-text-align-center\"><strong>Jak p\u0159ipravit kvas, ze kter\u00e9ho vznikne skv\u011bl\u00e1 p\u00e1lenka. <\/strong><\/p>\n\n\n\n<p>M\u00e1te na zahrad\u011b p\u0159ebytky ovoce a \u0159\u00edk\u00e1te si, \u017ee by z nich mohla vzniknout po\u0159\u00e1dn\u00e1 dom\u00e1c\u00ed p\u00e1lenka? Nebo v\u00e1s jen l\u00e1k\u00e1 tajemstv\u00ed dobr\u00e9ho kvasu, o kter\u00e9m se mezi zku\u0161en\u00fdmi p\u00e1li\u010di tolik mluv\u00ed? P\u0159ij\u010fte na praktick\u00fd kurz p\u0159\u00edpravy ovocn\u00e9ho kvasu, kde si uk\u00e1\u017eeme cel\u00fd proces od za\u010d\u00e1tku a\u017e po moment, kdy je kvas p\u0159ipraven\u00fd na p\u00e1len\u00ed. <\/p>\n\n\n\n<p><strong>Co v\u00e1s \u010dek\u00e1:<\/strong><\/p>\n\n\n\n<figure class=\"wp-block-image\"><img loading=\"lazy\" decoding=\"async\" width=\"32\" height=\"32\" src=\"https:\/\/zahradkari-zelec.cz\/wp-content\/uploads\/2026\/03\/1f350.png\" alt=\"\ud83c\udf50\" class=\"wp-image-1649\"\/><\/figure>\n\n\n\n<p><strong>V\u00fdb\u011br spr\u00e1vn\u00e9ho ovoce<\/strong> \u2013 kdy je ide\u00e1ln\u00ed \u010das na sb\u011br a co u\u017e do kvasu rad\u011bji ned\u00e1vat.<\/p>\n\n\n\n<figure class=\"wp-block-image\"><img loading=\"lazy\" decoding=\"async\" width=\"32\" height=\"32\" src=\"https:\/\/zahradkari-zelec.cz\/wp-content\/uploads\/2026\/03\/1faa3.png\" alt=\"\ud83e\udea3\" class=\"wp-image-1652\"\/><\/figure>\n\n\n\n<p><strong>P\u0159\u00edprava ovoce a n\u00e1doby<\/strong> \u2013 drcen\u00ed, \u010di\u0161t\u011bn\u00ed a spr\u00e1vn\u00e1 hygiena.<\/p>\n\n\n\n<figure class=\"wp-block-image\"><img loading=\"lazy\" decoding=\"async\" width=\"32\" height=\"32\" src=\"https:\/\/zahradkari-zelec.cz\/wp-content\/uploads\/2026\/03\/1f9ea.png\" alt=\"\ud83e\uddea\" class=\"wp-image-1650\"\/><\/figure>\n\n\n\n<p><strong>Kva\u0161en\u00ed bez tajemstv\u00ed<\/strong> \u2013 jak nastartovat dobr\u00e9 kva\u0161en\u00ed a vyhnout se chyb\u00e1m.<\/p>\n\n\n\n<figure class=\"wp-block-image\"><img loading=\"lazy\" decoding=\"async\" width=\"32\" height=\"32\" src=\"https:\/\/zahradkari-zelec.cz\/wp-content\/uploads\/2026\/03\/1f321.png\" alt=\"\ud83c\udf21\ufe0f\" class=\"wp-image-1653\"\/><\/figure>\n\n\n\n<p><strong>Kontrola kvasu<\/strong> \u2013 jak poznat, \u017ee v\u0161e prob\u00edh\u00e1 spr\u00e1vn\u011b.<\/p>\n\n\n\n<figure class=\"wp-block-image\"><img loading=\"lazy\" decoding=\"async\" width=\"32\" height=\"32\" src=\"https:\/\/zahradkari-zelec.cz\/wp-content\/uploads\/2026\/03\/1f943.png\" alt=\"\ud83e\udd43\" class=\"wp-image-1651\"\/><\/figure>\n\n\n\n<p><strong>Kdy je kvas p\u0159ipraven na p\u00e1len\u00ed<\/strong> \u2013 sign\u00e1ly, kter\u00e9 by m\u011bl zn\u00e1t ka\u017ed\u00fd.<\/p>\n\n\n\n<p class=\"has-text-align-center\">&#8212;&#8212;&#8212;&#8212;&#8212;&#8212;-<\/p>\n\n\n\n<p>Kurz je ur\u010den pro za\u010d\u00e1te\u010dn\u00edky i m\u00edrn\u011b pokro\u010dil\u00e9, kte\u0159\u00ed cht\u011bj\u00ed pochopit principy kvalitn\u00edho kvasu a vyhnout se zbyte\u010dn\u00fdm chyb\u00e1m.<\/p>\n\n\n\n<p>Na z\u00e1v\u011br mo\u017enost n\u00e1kupu v\u00fdrobk\u016f <a href=\"https:\/\/www.vinarskydum.cz\/?gad_source=1&amp;gad_campaignid=13703333667\">Vina\u0159sk\u00e9ho domu Kope\u010dek<\/a>.<\/p>\n\n\n\n<p><strong>TO V\u0160E SE DOZV\u00cdTE V POND\u011aL\u00cd 23. B\u0158EZNA 2026 V 16:30 HOD, V KLUBOVN\u011a ZAHR\u00c1DK\u00c1\u0158SK\u00c9HO SPOLKU &#8211; \u017dELE\u010c 34.<\/strong><\/p>\n\n\n\n<p class=\"has-text-align-center\">&#8212;&#8212;&#8212;&#8212;&#8212;&#8212;-<\/p>\n\n\n\n<p class=\"has-text-align-center\">Vstupn\u00e9 80 K\u010d (\u010dlenov\u00e9 zdarma)<\/p>\n\n\n\n<p>T\u011b\u0161\u00edme se na V\u00e1s \ud83d\ude42 \ud83d\ude42 \ud83d\ude42 <\/p>\n","protected":false},"excerpt":{"rendered":"<p>ZVEME V\u00c1S NA P\u0158EDN\u00c1\u0160KU Jak p\u0159ipravit kvas, ze kter\u00e9ho vznikne skv\u011bl\u00e1 p\u00e1lenka. M\u00e1te na zahrad\u011b p\u0159ebytky ovoce a \u0159\u00edk\u00e1te si, \u017ee by z nich mohla vzniknout po\u0159\u00e1dn\u00e1 dom\u00e1c\u00ed p\u00e1lenka? Nebo v\u00e1s jen l\u00e1k\u00e1 tajemstv\u00ed dobr\u00e9ho kvasu, o kter\u00e9m se mezi zku\u0161en\u00fdmi p\u00e1li\u010di tolik mluv\u00ed? P\u0159ij\u010fte na praktick\u00fd kurz p\u0159\u00edpravy ovocn\u00e9ho kvasu, kde si uk\u00e1\u017eeme cel\u00fd [&hellip;]<\/p>\n","protected":false},"author":1,"featured_media":1666,"comment_status":"closed","ping_status":"closed","sticky":false,"template":"","format":"standard","meta":{"footnotes":""},"categories":[9,36,59],"tags":[20,37,60],"class_list":["post-1647","post","type-post","status-publish","format-standard","has-post-thumbnail","hentry","category-aktuality","category-prednasky-a-workshopy","category-r-2026","tag-aktuality","tag-prednasky-a-workshopy","tag-r-2026"],"_links":{"self":[{"href":"https:\/\/zahradkari-zelec.cz\/index.php\/wp-json\/wp\/v2\/posts\/1647","targetHints":{"allow":["GET"]}}],"collection":[{"href":"https:\/\/zahradkari-zelec.cz\/index.php\/wp-json\/wp\/v2\/posts"}],"about":[{"href":"https:\/\/zahradkari-zelec.cz\/index.php\/wp-json\/wp\/v2\/types\/post"}],"author":[{"embeddable":true,"href":"https:\/\/zahradkari-zelec.cz\/index.php\/wp-json\/wp\/v2\/users\/1"}],"replies":[{"embeddable":true,"href":"https:\/\/zahradkari-zelec.cz\/index.php\/wp-json\/wp\/v2\/comments?post=1647"}],"version-history":[{"count":7,"href":"https:\/\/zahradkari-zelec.cz\/index.php\/wp-json\/wp\/v2\/posts\/1647\/revisions"}],"predecessor-version":[{"id":1668,"href":"https:\/\/zahradkari-zelec.cz\/index.php\/wp-json\/wp\/v2\/posts\/1647\/revisions\/1668"}],"wp:featuredmedia":[{"embeddable":true,"href":"https:\/\/zahradkari-zelec.cz\/index.php\/wp-json\/wp\/v2\/media\/1666"}],"wp:attachment":[{"href":"https:\/\/zahradkari-zelec.cz\/index.php\/wp-json\/wp\/v2\/media?parent=1647"}],"wp:term":[{"taxonomy":"category","embeddable":true,"href":"https:\/\/zahradkari-zelec.cz\/index.php\/wp-json\/wp\/v2\/categories?post=1647"},{"taxonomy":"post_tag","embeddable":true,"href":"https:\/\/zahradkari-zelec.cz\/index.php\/wp-json\/wp\/v2\/tags?post=1647"}],"curies":[{"name":"wp","href":"https:\/\/api.w.org\/{rel}","templated":true}]}}