{"id":1080,"date":"2024-08-16T11:21:23","date_gmt":"2024-08-16T09:21:23","guid":{"rendered":"https:\/\/zahradkari-zelec.cz\/?p=1080"},"modified":"2025-10-01T17:23:32","modified_gmt":"2025-10-01T15:23:32","slug":"stanovani-u-mostarny","status":"publish","type":"post","link":"https:\/\/zahradkari-zelec.cz\/index.php\/2024\/08\/16\/stanovani-u-mostarny\/","title":{"rendered":"Stanov\u00e1n\u00ed u mo\u0161t\u00e1rny"},"content":{"rendered":"\n<p>Tak jako ka\u017ed\u00fd rok SDH \u017dele\u010d, letos ve spolupr\u00e1ci s kulturn\u00ed komis\u00ed uspo\u0159\u00e1dali stanov\u00e1n\u00ed pro d\u011bti s rodi\u010di. Nejprve se m\u011blo stanovat na h\u0159i\u0161ti, ale s po\u010das\u00edm to vypadalo v\u0161elijak a tak nakonec vyu\u017eili prostory na\u0161\u00ed zahrady a klubovny. Ve\u010der se nakonec d\u011btem prom\u00edtala poh\u00e1dka. Jsme r\u00e1di, \u017ee jsme mohli pomoct a akce se nakonec konala. <\/p>\n\n\n\n<figure class=\"wp-block-gallery has-nested-images columns-default is-cropped wp-block-gallery-1 is-layout-flex wp-block-gallery-is-layout-flex\">\n<figure class=\"wp-block-image size-large\"><img loading=\"lazy\" decoding=\"async\" width=\"1024\" height=\"768\" data-id=\"1083\" src=\"https:\/\/zahradkari-zelec.cz\/wp-content\/uploads\/2024\/09\/IMG_1679-1024x768.jpg\" alt=\"\" class=\"wp-image-1083\" srcset=\"https:\/\/zahradkari-zelec.cz\/wp-content\/uploads\/2024\/09\/IMG_1679-1024x768.jpg 1024w, https:\/\/zahradkari-zelec.cz\/wp-content\/uploads\/2024\/09\/IMG_1679-300x225.jpg 300w, https:\/\/zahradkari-zelec.cz\/wp-content\/uploads\/2024\/09\/IMG_1679-768x576.jpg 768w, https:\/\/zahradkari-zelec.cz\/wp-content\/uploads\/2024\/09\/IMG_1679-1536x1152.jpg 1536w, https:\/\/zahradkari-zelec.cz\/wp-content\/uploads\/2024\/09\/IMG_1679-2048x1536.jpg 2048w, https:\/\/zahradkari-zelec.cz\/wp-content\/uploads\/2024\/09\/IMG_1679-1320x990.jpg 1320w\" sizes=\"auto, (max-width: 1024px) 100vw, 1024px\" \/><\/figure>\n\n\n\n<figure class=\"wp-block-image size-large\"><img loading=\"lazy\" decoding=\"async\" width=\"768\" height=\"1024\" data-id=\"1082\" src=\"https:\/\/zahradkari-zelec.cz\/wp-content\/uploads\/2024\/09\/IMG_1678-768x1024.jpg\" alt=\"\" class=\"wp-image-1082\" srcset=\"https:\/\/zahradkari-zelec.cz\/wp-content\/uploads\/2024\/09\/IMG_1678-768x1024.jpg 768w, https:\/\/zahradkari-zelec.cz\/wp-content\/uploads\/2024\/09\/IMG_1678-225x300.jpg 225w, https:\/\/zahradkari-zelec.cz\/wp-content\/uploads\/2024\/09\/IMG_1678-1152x1536.jpg 1152w, https:\/\/zahradkari-zelec.cz\/wp-content\/uploads\/2024\/09\/IMG_1678-1536x2048.jpg 1536w, https:\/\/zahradkari-zelec.cz\/wp-content\/uploads\/2024\/09\/IMG_1678-1320x1760.jpg 1320w, https:\/\/zahradkari-zelec.cz\/wp-content\/uploads\/2024\/09\/IMG_1678-scaled.jpg 1920w\" sizes=\"auto, (max-width: 768px) 100vw, 768px\" \/><\/figure>\n\n\n\n<figure class=\"wp-block-image size-large\"><img loading=\"lazy\" decoding=\"async\" width=\"1024\" height=\"768\" data-id=\"1081\" src=\"https:\/\/zahradkari-zelec.cz\/wp-content\/uploads\/2024\/09\/IMG_1674-1024x768.jpg\" alt=\"\" class=\"wp-image-1081\" srcset=\"https:\/\/zahradkari-zelec.cz\/wp-content\/uploads\/2024\/09\/IMG_1674-1024x768.jpg 1024w, https:\/\/zahradkari-zelec.cz\/wp-content\/uploads\/2024\/09\/IMG_1674-300x225.jpg 300w, https:\/\/zahradkari-zelec.cz\/wp-content\/uploads\/2024\/09\/IMG_1674-768x576.jpg 768w, https:\/\/zahradkari-zelec.cz\/wp-content\/uploads\/2024\/09\/IMG_1674-1536x1152.jpg 1536w, https:\/\/zahradkari-zelec.cz\/wp-content\/uploads\/2024\/09\/IMG_1674-2048x1536.jpg 2048w, https:\/\/zahradkari-zelec.cz\/wp-content\/uploads\/2024\/09\/IMG_1674-1320x990.jpg 1320w\" sizes=\"auto, (max-width: 1024px) 100vw, 1024px\" \/><\/figure>\n<\/figure>\n","protected":false},"excerpt":{"rendered":"<p>Tak jako ka\u017ed\u00fd rok SDH \u017dele\u010d, letos ve spolupr\u00e1ci s kulturn\u00ed komis\u00ed uspo\u0159\u00e1dali stanov\u00e1n\u00ed pro d\u011bti s rodi\u010di. Nejprve se m\u011blo stanovat na h\u0159i\u0161ti, ale s po\u010das\u00edm to vypadalo v\u0161elijak a tak nakonec vyu\u017eili prostory na\u0161\u00ed zahrady a klubovny. Ve\u010der se nakonec d\u011btem prom\u00edtala poh\u00e1dka. Jsme r\u00e1di, \u017ee jsme mohli pomoct a akce se nakonec [&hellip;]<\/p>\n","protected":false},"author":1,"featured_media":1084,"comment_status":"closed","ping_status":"closed","sticky":false,"template":"","format":"standard","meta":{"footnotes":""},"categories":[9,38,53],"tags":[39,20,52],"class_list":["post-1080","post","type-post","status-publish","format-standard","has-post-thumbnail","hentry","category-aktuality","category-r-2024-aktuality","category-spoluprace","tag-39","tag-aktuality","tag-spoluprace"],"_links":{"self":[{"href":"https:\/\/zahradkari-zelec.cz\/index.php\/wp-json\/wp\/v2\/posts\/1080","targetHints":{"allow":["GET"]}}],"collection":[{"href":"https:\/\/zahradkari-zelec.cz\/index.php\/wp-json\/wp\/v2\/posts"}],"about":[{"href":"https:\/\/zahradkari-zelec.cz\/index.php\/wp-json\/wp\/v2\/types\/post"}],"author":[{"embeddable":true,"href":"https:\/\/zahradkari-zelec.cz\/index.php\/wp-json\/wp\/v2\/users\/1"}],"replies":[{"embeddable":true,"href":"https:\/\/zahradkari-zelec.cz\/index.php\/wp-json\/wp\/v2\/comments?post=1080"}],"version-history":[{"count":4,"href":"https:\/\/zahradkari-zelec.cz\/index.php\/wp-json\/wp\/v2\/posts\/1080\/revisions"}],"predecessor-version":[{"id":1519,"href":"https:\/\/zahradkari-zelec.cz\/index.php\/wp-json\/wp\/v2\/posts\/1080\/revisions\/1519"}],"wp:featuredmedia":[{"embeddable":true,"href":"https:\/\/zahradkari-zelec.cz\/index.php\/wp-json\/wp\/v2\/media\/1084"}],"wp:attachment":[{"href":"https:\/\/zahradkari-zelec.cz\/index.php\/wp-json\/wp\/v2\/media?parent=1080"}],"wp:term":[{"taxonomy":"category","embeddable":true,"href":"https:\/\/zahradkari-zelec.cz\/index.php\/wp-json\/wp\/v2\/categories?post=1080"},{"taxonomy":"post_tag","embeddable":true,"href":"https:\/\/zahradkari-zelec.cz\/index.php\/wp-json\/wp\/v2\/tags?post=1080"}],"curies":[{"name":"wp","href":"https:\/\/api.w.org\/{rel}","templated":true}]}}